{"id":816,"date":"2026-04-22T07:38:46","date_gmt":"2026-04-22T05:38:46","guid":{"rendered":"https:\/\/ireka.casa\/blog\/?p=816"},"modified":"2026-04-22T07:38:47","modified_gmt":"2026-04-22T05:38:47","slug":"teletrabajo-y-demanda-de-vivienda-en-horta-nord","status":"publish","type":"post","link":"https:\/\/ireka.casa\/blog\/teletrabajo-y-demanda-de-vivienda-en-horta-nord\/","title":{"rendered":"Teletrabajo y Demanda de Vivienda en Horta Nord"},"content":{"rendered":"\n<p>El\u00a0<strong>teletrabajo<\/strong>\u00a0ha cambiado por completo la forma en que muchas personas eligen d\u00f3nde vivir en la regi\u00f3n de\u00a0<strong>Valencia<\/strong>, y especialmente en\u00a0<strong>l\u2019Horta Nord<\/strong>. Ya no es necesario estar pegado al centro de la ciudad para trabajar; ahora, con modelos h\u00edbridos bien establecidos, profesionales y familias buscan sitios que combinen\u00a0<strong>conectividad r\u00e1pida<\/strong>,\u00a0<strong>espacios amplios para home office<\/strong>\u00a0y una\u00a0<strong>calidad de vida<\/strong>\u00a0que el bullicio urbano no puede ofrecer. En\u00a0<strong>Massamagrell<\/strong> y <strong>Playa Pobla de Farnals<\/strong>, donde operamos desde\u00a0<strong>Inmobiliaria Ireka<\/strong>, hemos visto de primera mano c\u00f3mo esta tendencia ha disparado la demanda de viviendas en esta comarca, haciendo que 2026 sea un a\u00f1o clave para compradores e inversores.<\/p>\n\n\n\n<p>Imagina levantarte en una casa con jard\u00edn, preparar tu caf\u00e9 mientras revisas emails desde una habitaci\u00f3n dedicada, y luego pillar el metro para ir a Valencia solo dos d\u00edas a la semana. Eso es lo que atrae a tantos: la libertad de escapar del estr\u00e9s citadino sin perder el contacto con el trabajo. Vamos a desgranar esto paso a paso, con datos reales del mercado y consejos pr\u00e1cticos para que veas las&nbsp;<strong>oportunidades<\/strong>&nbsp;que se abren en&nbsp;<strong>l\u2019Horta Nord<\/strong>.<\/p>\n\n\n\n<h2 class=\"wp-block-heading\" id=\"cmo-el-teletrabajo-ha-reconfigurado-el-mercado\">C\u00f3mo el Teletrabajo ha Reconfigurado el Mercado<\/h2>\n\n\n\n<p>Todo empez\u00f3 con la pandemia, pero en 2026 el&nbsp;<strong>teletrabajo h\u00edbrido<\/strong>&nbsp;ya no es una excepci\u00f3n: es la norma para el 60-70% de los profesionales cualificados en sectores como tecnolog\u00eda, consultor\u00eda o marketing. En&nbsp;<strong>Valencia<\/strong>, esto significa que la presi\u00f3n sobre los pisos c\u00e9ntricos ha disminuido, mientras que comarcas como&nbsp;<strong>l\u2019Horta Nord<\/strong>&nbsp;\u2014con municipios como&nbsp;<strong>Massamagrell<\/strong>,&nbsp;<strong>Pu\u00e7ol<\/strong>,&nbsp;<strong>La Pobla de Farnals<\/strong>&nbsp;o&nbsp;<strong>Museros<\/strong>\u2014 se han convertido en el nuevo epicentro de la demanda.<\/p>\n\n\n<div class=\"wp-block-image\">\n<figure class=\"aligncenter size-large\"><img fetchpriority=\"high\" decoding=\"async\" width=\"1024\" height=\"768\" src=\"https:\/\/ireka.casa\/blog\/wp-content\/uploads\/2026\/04\/Teletrabajo-y-Demanda-de-Vivienda-en-Horta-Nord-2-1024x768.webp\" alt=\"Teletrabajo y Demanda de Vivienda en Horta Nord\" class=\"wp-image-818\" srcset=\"https:\/\/ireka.casa\/blog\/wp-content\/uploads\/2026\/04\/Teletrabajo-y-Demanda-de-Vivienda-en-Horta-Nord-2-1024x768.webp 1024w, https:\/\/ireka.casa\/blog\/wp-content\/uploads\/2026\/04\/Teletrabajo-y-Demanda-de-Vivienda-en-Horta-Nord-2-300x225.webp 300w, https:\/\/ireka.casa\/blog\/wp-content\/uploads\/2026\/04\/Teletrabajo-y-Demanda-de-Vivienda-en-Horta-Nord-2-768x576.webp 768w, https:\/\/ireka.casa\/blog\/wp-content\/uploads\/2026\/04\/Teletrabajo-y-Demanda-de-Vivienda-en-Horta-Nord-2-1536x1152.webp 1536w, https:\/\/ireka.casa\/blog\/wp-content\/uploads\/2026\/04\/Teletrabajo-y-Demanda-de-Vivienda-en-Horta-Nord-2-2048x1536.webp 2048w\" sizes=\"(max-width: 1024px) 100vw, 1024px\" \/><\/figure>\n<\/div>\n\n\n<p>\u00bfPor qu\u00e9 aqu\u00ed? Porque la&nbsp;<strong>L\u00ednea 3 de Metrovalencia<\/strong>&nbsp;y la autov\u00eda&nbsp;<strong>V-21<\/strong>&nbsp;hacen que llegar al centro sea un trayecto de 15-25 minutos. No es magia: es infraestructura s\u00f3lida que, combinada con el auge del trabajo remoto, ha hecho que familias enteras se muden buscando m\u00e1s metros cuadrados por menos dinero. En nuestra experiencia en&nbsp;<strong>Ireka<\/strong>, hemos cerrado ventas de pisos que antes nadie miraba, ahora disputados por parejas j\u00f3venes con ni\u00f1os que quieren&nbsp;<strong>terrazas<\/strong>,&nbsp;<strong>jardines<\/strong>&nbsp;o incluso&nbsp;<strong>unifamiliares<\/strong>&nbsp;en la huerta valenciana.<\/p>\n\n\n\n<p>Los n\u00fameros lo confirman: la demanda de alquiler ha subido un 15-20% en estos municipios, con rentas medias de 12-14 \u20ac\/m\u00b2. Y para compra, el&nbsp;<strong>metro cuadrado<\/strong>&nbsp;se mantiene un 30-40% por debajo de la capital, alrededor de 2.100-3.000 \u20ac, dependiendo de la zona. Esto crea un equilibrio perfecto para quien busca&nbsp;<strong>rentabilidad<\/strong>&nbsp;a largo plazo.<\/p>\n\n\n\n<h2 class=\"wp-block-heading\" id=\"las-zonas-estrella-para-teletrabajadores-en-lhorta\">Las Zonas Estrella para Teletrabajadores en l\u2019Horta Nord<\/h2>\n\n\n\n<p>No todas las \u00e1reas son iguales, y saber elegir es clave. En&nbsp;<strong>Massamagrell<\/strong>, nuestro cuartel general, encontramos el&nbsp;<strong>sweet spot<\/strong>: precios accesibles (desde 145.000 \u20ac por pisos de obra nueva de 3 habitaciones), pol\u00edgonos industriales cercanos para trabajos presenciales opcionales, y un ambiente familiar con colegios y parques. Es ideal para quien teletrabaja pero quiere opciones locales.<\/p>\n\n\n\n<p>Subiendo hacia el norte,&nbsp;<strong>Pu\u00e7ol<\/strong>&nbsp;brilla por su proximidad a la playa y la&nbsp;<strong>gigafactor\u00eda de Volkswagen<\/strong>, que atrae ingenieros y ejecutivos con modelos flexibles. Aqu\u00ed, las viviendas cerca de la costa est\u00e1n viendo subidas del 5-7% anual, pero a\u00fan ofrecen&nbsp;<strong>balcones con vistas al mar<\/strong>&nbsp;por debajo de los 300.000 \u20ac.<\/p>\n\n\n\n<p><strong>La Pobla de Farnals<\/strong>&nbsp;y&nbsp;<strong>Museros<\/strong>&nbsp;son tesoros para familias: casas amplias con&nbsp;<strong>patio<\/strong>&nbsp;o&nbsp;<strong>jard\u00edn<\/strong>, a solo 10 minutos de la playa de Port Saplaya. Y no olvidemos&nbsp;<strong>Alboraya<\/strong>&nbsp;o&nbsp;<strong>Rafelb\u00fa\u00f1ol<\/strong>, con colegios internacionales que seducen a expatriados n\u00f3madas digitales.<\/p>\n\n\n\n<p>Para que lo veas claro, aqu\u00ed una tabla con lo esencial:<\/p>\n\n\n\n<figure class=\"wp-block-table\"><table class=\"has-fixed-layout\"><thead><tr><th class=\"has-text-align-left\" data-align=\"left\">Municipio<\/th><th class=\"has-text-align-left\" data-align=\"left\">Tiempo a Valencia (metro\/auto)<\/th><th class=\"has-text-align-left\" data-align=\"left\">Precio Medio m\u00b2<\/th><th class=\"has-text-align-left\" data-align=\"left\">Ideal para&#8230;<\/th><\/tr><\/thead><tbody><tr><td><strong>Massamagrell<\/strong><\/td><td>20 min<\/td><td>2.200-2.500 \u20ac<\/td><td>Familias h\u00edbridas, inversores<\/td><\/tr><tr><td><strong>Pu\u00e7ol<\/strong><\/td><td>25 min<\/td><td>2.500-3.000 \u20ac<\/td><td>Profesionales tech, playa<\/td><\/tr><tr><td><strong>Pobla de Farnals<\/strong><\/td><td>15 min<\/td><td>2.300 \u20ac<\/td><td>Vida costera familiar<\/td><\/tr><tr><td><strong>Museros<\/strong><\/td><td>18 min<\/td><td>2.100 \u20ac<\/td><td>Obra nueva econ\u00f3mica<\/td><\/tr><\/tbody><\/table><\/figure>\n\n\n\n<p>Esta diversidad hace que&nbsp;<strong>l\u2019Horta Nord<\/strong>&nbsp;sea un im\u00e1n para perfiles variados, desde millennials con presupuestos medios hasta inversores conservadores.<\/p>\n\n\n<div class=\"wp-block-image\">\n<figure class=\"aligncenter size-large\"><img decoding=\"async\" width=\"1024\" height=\"1024\" src=\"https:\/\/ireka.casa\/blog\/wp-content\/uploads\/2026\/04\/Teletrabajo-y-Demanda-de-Vivienda-en-Horta-Nord-3-1024x1024.webp\" alt=\"Teletrabajo y Demanda de Vivienda en Horta Nord\" class=\"wp-image-819\" srcset=\"https:\/\/ireka.casa\/blog\/wp-content\/uploads\/2026\/04\/Teletrabajo-y-Demanda-de-Vivienda-en-Horta-Nord-3-1024x1024.webp 1024w, https:\/\/ireka.casa\/blog\/wp-content\/uploads\/2026\/04\/Teletrabajo-y-Demanda-de-Vivienda-en-Horta-Nord-3-300x300.webp 300w, https:\/\/ireka.casa\/blog\/wp-content\/uploads\/2026\/04\/Teletrabajo-y-Demanda-de-Vivienda-en-Horta-Nord-3-150x150.webp 150w, https:\/\/ireka.casa\/blog\/wp-content\/uploads\/2026\/04\/Teletrabajo-y-Demanda-de-Vivienda-en-Horta-Nord-3-768x768.webp 768w, https:\/\/ireka.casa\/blog\/wp-content\/uploads\/2026\/04\/Teletrabajo-y-Demanda-de-Vivienda-en-Horta-Nord-3-1536x1536.webp 1536w, https:\/\/ireka.casa\/blog\/wp-content\/uploads\/2026\/04\/Teletrabajo-y-Demanda-de-Vivienda-en-Horta-Nord-3.webp 2048w\" sizes=\"(max-width: 1024px) 100vw, 1024px\" \/><\/figure>\n<\/div>\n\n\n<p>Esta imagen captura perfectamente el encanto de una vivienda en&nbsp;<strong>l\u2019Horta Nord<\/strong>: espacios luminosos y funcionales, ideales para el d\u00eda a d\u00eda del teletrabajo.<\/p>\n\n\n\n<h2 class=\"wp-block-heading\" id=\"la-evolucin-de-precios-y-qu-esperar-en-2026\">La Evoluci\u00f3n de Precios y Qu\u00e9 Esperar en 2026<\/h2>\n\n\n\n<p>El mercado no est\u00e1 estancado: hay un&nbsp;<strong>crecimiento moderado<\/strong>&nbsp;pero constante. En&nbsp;<strong>Horta Nord<\/strong>, la escasez de&nbsp;<strong>obra nueva<\/strong>&nbsp;(solo unas 74 unidades disponibles ahora mismo) y la alta demanda de teletrabajadores mantienen los precios al alza, pero sin la burbuja de la capital. Esperamos subidas del 4-6% este a\u00f1o, especialmente en zonas costeras como&nbsp;<strong>Pu\u00e7ol<\/strong>, donde la proximidad al mar suma plusval\u00eda.<\/p>\n\n\n\n<p>La&nbsp;<strong>segunda mano<\/strong>&nbsp;necesita reformas para competir: un piso de los 80 sin eficiencia energ\u00e9tica se vende m\u00e1s lento, mientras que&nbsp;<strong>obra nueva con certificado A o B<\/strong>&nbsp;vuela. Desde&nbsp;<strong>Ireka<\/strong>, recomendamos mirar&nbsp;<strong>sobre plano<\/strong>: compras ahora y recibes en 12-18 meses, anticipando las subidas.<\/p>\n\n\n\n<p>Comparado con Valencia ciudad, donde el m\u00b2 roza los 3.500 \u20ac, aqu\u00ed tienes&nbsp;<strong>valor real<\/strong>&nbsp;por tu dinero. Y con las tasas de inter\u00e9s estabiliz\u00e1ndose, financiar una hipoteca es m\u00e1s accesible que nunca.<\/p>\n\n\n\n<h2 class=\"wp-block-heading\" id=\"qu-buscan-los-teletrabajadores-en-una-vivienda\">Qu\u00e9 Buscan los Teletrabajadores en una Vivienda<\/h2>\n\n\n\n<p>Olv\u00eddate de estudios de 40 m\u00b2 en Ruzafa. Hoy, la lista imprescindible incluye&nbsp;<strong>3-4 dormitorios<\/strong>&nbsp;(uno para oficina),&nbsp;<strong>terrazas amplias<\/strong>&nbsp;o&nbsp;<strong>jardines<\/strong>&nbsp;para desconectar, y&nbsp;<strong>conexi\u00f3n fibra \u00f3ptica<\/strong>&nbsp;de alta velocidad \u2014que en&nbsp;<strong>Massamagrell<\/strong>&nbsp;es est\u00e1ndar\u2014. La&nbsp;<strong>eficiencia energ\u00e9tica<\/strong>&nbsp;no es un lujo: bancos tasan mejor las viviendas con aislamiento top, ahorr\u00e1ndote en facturas y subiendo el valor de reventa.<\/p>\n\n\n\n<p>Para inversores, el&nbsp;<strong>alquiler h\u00edbrido<\/strong>&nbsp;es oro: pisos adaptados para&nbsp;<strong>estancias largas con opci\u00f3n corta<\/strong>, cerca de pol\u00edgonos como el de&nbsp;<strong>Massamagrell<\/strong>, rentan un 6-8% bruto. Hemos visto propiedades que se amortizan en 12 a\u00f1os, mucho mejor que un fondo indexado.<\/p>\n\n\n\n<p>Adem\u00e1s, las&nbsp;<strong>ayudas europeas<\/strong>&nbsp;para rehabilitar \u2014hasta 40% en eficiencia\u2014 hacen que comprar una segunda mano y modernizarla sea una jugada maestra.<\/p>\n\n\n\n<h2 class=\"wp-block-heading\" id=\"conectividad-el-verdadero-motor-del-cambio\">Conectividad: El Verdadero Motor del Cambio<\/h2>\n\n\n<div class=\"wp-block-image\">\n<figure class=\"aligncenter size-large\"><img decoding=\"async\" width=\"1024\" height=\"575\" src=\"https:\/\/ireka.casa\/blog\/wp-content\/uploads\/2026\/04\/Teletrabajo-y-Demanda-de-Vivienda-en-Horta-Nord-4-1024x575.webp\" alt=\"Teletrabajo y Demanda de Vivienda en Horta Nord\" class=\"wp-image-820\" srcset=\"https:\/\/ireka.casa\/blog\/wp-content\/uploads\/2026\/04\/Teletrabajo-y-Demanda-de-Vivienda-en-Horta-Nord-4-1024x575.webp 1024w, https:\/\/ireka.casa\/blog\/wp-content\/uploads\/2026\/04\/Teletrabajo-y-Demanda-de-Vivienda-en-Horta-Nord-4-300x169.webp 300w, https:\/\/ireka.casa\/blog\/wp-content\/uploads\/2026\/04\/Teletrabajo-y-Demanda-de-Vivienda-en-Horta-Nord-4-768x431.webp 768w, https:\/\/ireka.casa\/blog\/wp-content\/uploads\/2026\/04\/Teletrabajo-y-Demanda-de-Vivienda-en-Horta-Nord-4-1536x863.webp 1536w, https:\/\/ireka.casa\/blog\/wp-content\/uploads\/2026\/04\/Teletrabajo-y-Demanda-de-Vivienda-en-Horta-Nord-4-2048x1151.webp 2048w\" sizes=\"(max-width: 1024px) 100vw, 1024px\" \/><\/figure>\n<\/div>\n\n\n<p>Sin buena conexi\u00f3n, el teletrabajo no funciona. Afortunadamente,&nbsp;<strong>l\u2019Horta Nord<\/strong>&nbsp;est\u00e1 bendecida: la&nbsp;<strong>V-21<\/strong>&nbsp;te planta en el centro en 20 minutos, el metro es puntual y fiable, y las Cercan\u00edas cubren el resto. Desde&nbsp;<strong>Foios<\/strong>&nbsp;o&nbsp;<strong>Albuixech<\/strong>, es a\u00fan m\u00e1s r\u00e1pido. Esto ha revertido el \u00e9xodo rural: ahora la gente&nbsp;<strong>vuelve<\/strong>&nbsp;por calidad de vida, pero con trabajo garantizado.<\/p>\n\n\n\n<p>En&nbsp;<strong>Ireka<\/strong>, usamos esto para asesorar: no compres en un pol\u00edgono aislado; elige cerca de paradas clave para maximizar&nbsp;<strong>rentabilidad de alquiler<\/strong>.<\/p>\n\n\n\n<h2 class=\"wp-block-heading\" id=\"oportunidades-de-inversin-y-estrategias-ganadoras\">Oportunidades de Inversi\u00f3n y Estrategias Ganadoras<\/h2>\n\n\n\n<p>Si eres inversor,&nbsp;<strong>l\u2019Horta Nord<\/strong>&nbsp;ofrece&nbsp;<strong>rentabilidades brutas del 6-8%<\/strong>&nbsp;en alquiler, superando la media valenciana. La estrategia&nbsp;<strong>BRRRR<\/strong>&nbsp;(compra, reforma, alquila, refinancia, repite) brilla aqu\u00ed: coge una segunda mano barata, m\u00e9tela&nbsp;<strong>eficiencia A<\/strong>, y alqu\u00edlala a teletrabajadores estables.<\/p>\n\n\n\n<p><strong>Sobre plano<\/strong>&nbsp;es otra apuesta segura: proyectos como&nbsp;<strong>Residencial Valencia Nord<\/strong>&nbsp;prometen entregas en 2027 con precios bloqueados. Y para&nbsp;<strong>alquiler con opci\u00f3n a compra<\/strong>, es perfecto para j\u00f3venes que prueban el \u00e1rea antes de comprometerse.<\/p>\n\n\n\n<h2 class=\"wp-block-heading\" id=\"desafos-reales-y-cmo-evitarlos\">Desaf\u00edos Reales y C\u00f3mo Evitarlos<\/h2>\n\n\n\n<p>No todo es color de rosa. La&nbsp;<strong>escasez de oferta<\/strong>&nbsp;tensa precios, y si no reformas, tu propiedad se queda atr\u00e1s. Evita sobrevaloraciones emocionales: siempre&nbsp;<strong>valoraci\u00f3n profesional<\/strong>. Y ojo con las tasas: si suben, el alquiler gana frente a compra, pero ahora es momento de entrar.<\/p>\n\n\n\n<p>Define tu presupuesto real (entrada 20-30% + 10-12% gastos) y filtra con expertos locales.<\/p>\n\n\n\n<h2 class=\"wp-block-heading\" id=\"por-qu-elegir-ireka-en-massamagrell\">Por Qu\u00e9 Elegir Ireka en Massamagrell<\/h2>\n\n\n\n<p>En&nbsp;<strong>Inmobiliaria Ireka<\/strong>, conocemos&nbsp;<strong>l\u2019Horta Nord<\/strong>&nbsp;como la palma de nuestra mano. Filtramos propiedades para teletrabajadores, negociamos los mejores precios y gestionamos desde la visita hasta la escritura. Hemos visto barrios revalorizarse un 25% en dos a\u00f1os; te ponemos en la primera fila.<\/p>\n\n\n\n<h2 class=\"wp-block-heading\" id=\"mirando-al-futuro-2027-y-ms-all\">Mirando al Futuro: 2027 y M\u00e1s All\u00e1<\/h2>\n\n\n\n<p>La&nbsp;<strong>gigafactor\u00eda<\/strong>&nbsp;y el flujo de&nbsp;<strong>n\u00f3madas digitales<\/strong>&nbsp;acelerar\u00e1n todo.&nbsp;<strong>Viviendas sostenibles<\/strong>&nbsp;con paneles solares y dom\u00f3tica dominar\u00e1n, y&nbsp;<strong>Horta Nord<\/strong>&nbsp;se posicionar\u00e1 como la extensi\u00f3n natural de Valencia. Si act\u00faas en 2026, capturas el crecimiento desde abajo.<\/p>\n\n\n\n<p>\u00bfListo para tu pr\u00f3xima mudanza o inversi\u00f3n? Cont\u00e1ctanos en&nbsp;<strong>Ireka<\/strong>&nbsp;y hagamos que el&nbsp;<strong>teletrabajo<\/strong>&nbsp;trabaje para ti.<\/p>\n","protected":false},"excerpt":{"rendered":"<p>El\u00a0teletrabajo\u00a0ha cambiado por completo la forma en que muchas personas eligen d\u00f3nde vivir en la regi\u00f3n de\u00a0Valencia, y especialmente en\u00a0l\u2019Horta Nord. Ya no es necesario estar pegado al centro de la ciudad para trabajar; ahora, con modelos h\u00edbridos bien establecidos, profesionales y familias buscan sitios que combinen\u00a0conectividad r\u00e1pida,\u00a0espacios amplios para home office\u00a0y una\u00a0calidad de vida\u00a0que&hellip;&nbsp;<a href=\"https:\/\/ireka.casa\/blog\/teletrabajo-y-demanda-de-vivienda-en-horta-nord\/\" rel=\"bookmark\">Leer m\u00e1s &raquo;<span class=\"screen-reader-text\">Teletrabajo y Demanda de Vivienda en Horta Nord<\/span><\/a><\/p>\n","protected":false},"author":2,"featured_media":817,"comment_status":"closed","ping_status":"closed","sticky":false,"template":"","format":"standard","meta":{"neve_meta_sidebar":"","neve_meta_container":"","neve_meta_enable_content_width":"","neve_meta_content_width":0,"neve_meta_title_alignment":"","neve_meta_author_avatar":"","neve_post_elements_order":"","neve_meta_disable_header":"","neve_meta_disable_footer":"","neve_meta_disable_title":"","footnotes":""},"categories":[17,14],"tags":[],"class_list":["post-816","post","type-post","status-publish","format-standard","has-post-thumbnail","hentry","category-alquiler","category-compra"],"aioseo_notices":[],"_links":{"self":[{"href":"https:\/\/ireka.casa\/blog\/wp-json\/wp\/v2\/posts\/816","targetHints":{"allow":["GET"]}}],"collection":[{"href":"https:\/\/ireka.casa\/blog\/wp-json\/wp\/v2\/posts"}],"about":[{"href":"https:\/\/ireka.casa\/blog\/wp-json\/wp\/v2\/types\/post"}],"author":[{"embeddable":true,"href":"https:\/\/ireka.casa\/blog\/wp-json\/wp\/v2\/users\/2"}],"replies":[{"embeddable":true,"href":"https:\/\/ireka.casa\/blog\/wp-json\/wp\/v2\/comments?post=816"}],"version-history":[{"count":1,"href":"https:\/\/ireka.casa\/blog\/wp-json\/wp\/v2\/posts\/816\/revisions"}],"predecessor-version":[{"id":821,"href":"https:\/\/ireka.casa\/blog\/wp-json\/wp\/v2\/posts\/816\/revisions\/821"}],"wp:featuredmedia":[{"embeddable":true,"href":"https:\/\/ireka.casa\/blog\/wp-json\/wp\/v2\/media\/817"}],"wp:attachment":[{"href":"https:\/\/ireka.casa\/blog\/wp-json\/wp\/v2\/media?parent=816"}],"wp:term":[{"taxonomy":"category","embeddable":true,"href":"https:\/\/ireka.casa\/blog\/wp-json\/wp\/v2\/categories?post=816"},{"taxonomy":"post_tag","embeddable":true,"href":"https:\/\/ireka.casa\/blog\/wp-json\/wp\/v2\/tags?post=816"}],"curies":[{"name":"wp","href":"https:\/\/api.w.org\/{rel}","templated":true}]}}